[{"@context":"https:\/\/schema.org\/","@type":"Article","@id":"https:\/\/www.mojko.sk\/politika-a-nechcenost-ludi\/#Article","mainEntityOfPage":"https:\/\/www.mojko.sk\/politika-a-nechcenost-ludi\/","headline":"Politika a nechcenos\u0165 \u013eud\u00ed","name":"Politika a nechcenos\u0165 \u013eud\u00ed","description":"Politika je u\u017e otrepan\u00e1, no aj tak je pre niektor\u00fdch \u013eud\u00ed ve\u013emi d\u00f4le\u017eitou. U\u017e v\u00e1s prestalo bavi\u0165 pozera\u0165 r\u00f4zne politick\u00e9...","datePublished":"2024-01-16","dateModified":"2024-07-16","author":{"@type":"Person","@id":"https:\/\/www.mojko.sk\/author\/#Person","name":"","url":"https:\/\/www.mojko.sk\/author\/","identifier":1,"image":{"@type":"ImageObject","@id":"https:\/\/secure.gravatar.com\/avatar\/f14f9548cfce1bfc4b3267434069a757db9568e455121a8852ede019c83b3b5e?s=96&d=mm&r=g","url":"https:\/\/secure.gravatar.com\/avatar\/f14f9548cfce1bfc4b3267434069a757db9568e455121a8852ede019c83b3b5e?s=96&d=mm&r=g","height":96,"width":96}},"publisher":{"@type":"Organization","name":"mojko.sk","logo":{"@type":"ImageObject","@id":"\/logo.png","url":"\/logo.png","width":600,"height":60}},"image":{"@type":"ImageObject","@id":"https:\/\/www.mojko.sk\/wp-content\/uploads\/governor-2813120_640.jpg","url":"https:\/\/www.mojko.sk\/wp-content\/uploads\/governor-2813120_640.jpg","height":0,"width":0},"url":"https:\/\/www.mojko.sk\/politika-a-nechcenost-ludi\/","about":["Politika"],"wordCount":382,"articleBody":"Politika je u\u017e otrepan\u00e1, no aj tak je pre niektor\u00fdch \u013eud\u00ed ve\u013emi d\u00f4le\u017eitou. U\u017e v\u00e1s prestalo bavi\u0165 pozera\u0165 r\u00f4zne politick\u00e9 rel\u00e1cie alebo diskusie v\u00a0telev\u00edzii? No, pre d\u00f4chodcov je to prv\u00e1 vec, ktor\u00fa za\u010d\u00ednaj\u00fa pozera\u0165 po zapnut\u00ed svojho telev\u00edzora. Mnoh\u00ed d\u00f4chodci si aj denne kupuj\u00fa noviny v\u00a0tla\u010denej podobe, kde s\u00fa najnov\u0161ie inform\u00e1cie aj z\u00a0politick\u00e9ho sveta.\u00a0Ak sa konaj\u00fa vo\u013eby, naj\u010dastej\u0161ie pr\u00e1ve na vo\u013eby chodia d\u00f4chodcovia. D\u00f4chodci si uvedomuj\u00fa, \u017ee vo\u013eby s\u00fa pre ka\u017ed\u00e9ho ob\u010dana povinnou z\u00e1le\u017eitos\u0165ou a\u00a0mali by sa ich z\u00fa\u010dastni\u0165. Len\u017ee, pozrite sa na mlad\u00fdch \u013eud\u00ed.\u00a0\u00a0Mlad\u00ed \u013eudia prest\u00e1vaj\u00fa veri\u0165 politikom a\u00a0spravodlivosti v\u00a0krajine. Pr\u00e1ve kv\u00f4li tomu sa vo\u013eb\u00e1m \u00faspe\u0161ne vyh\u00fdbaj\u00fa. Niektor\u00ed ani nevedia, ak\u00e9ho politika alebo politick\u00fa stranu by si mali zvoli\u0165. Ka\u017ed\u00fd s\u013eubuje v\u00a0podstate to ist\u00e9 a\u00a0potom pre to ni\u010d nerob\u00ed. Je to tak dan\u00e9 u\u017e d\u00e1vno. Ka\u017ed\u00fd politik vstupuje do politick\u00e9ho sveta kv\u00f4li financi\u00e1m. Politik m\u00e1 dobr\u00fd plat, \u010do je d\u00f4kazom toho, \u017ee v\u00a0politike sa nach\u00e1dza a\u017e pr\u00edli\u0161 ve\u013ea politikov. S\u00fa tam pre peniaze. Mnoh\u00ed sa nez\u00fa\u010dast\u0148uj\u00fa ani r\u00f4znych zasadan\u00ed v\u00a0parlamente.E\u0161te v\u00e1s bav\u00ed chodi\u0165 voli\u0165 alebo pozera\u0165 sa na r\u00f4zne politick\u00e9 diskusie?\u00a0\u00a0Ja osobne prep\u00ednam program, ke\u010f vid\u00edm, \u017ee akur\u00e1t za\u010d\u00edna politick\u00e1 diskusia. Nebav\u00ed ma to pozera\u0165, nako\u013eko sa tomu ani moc nerozumiem. Politike sa nevyzn\u00e1 ve\u013ea \u013eud\u00ed. V\u0161etky politick\u00e9 strany pova\u017euj\u00fa \u013eudia za rovnak\u00e9. Maj\u00fa rovnak\u00e9 poslanie, ktor\u00e9 m\u00e1lokedy aj dodr\u017eiavaj\u00fa. Nevedia sa vhodne spr\u00e1va\u0165 ani pri z\u00e1va\u017en\u00fdch situ\u00e1ci\u00e1ch, ktor\u00e9 sa dej\u00fa v\u00a0na\u0161ej krajine.\u00a0Aj vy m\u00e1te ned\u00f4veru v\u00a0politikoch? Politik sa vystavuje v\u00a0drahom obleku a\u00a0pritom ani nie je v\u00a0politike d\u00f4le\u017eitou osobou. Malo by sa zredukova\u0165 po\u010det politikov v\u00a0parlamente. Potom by sa na\u0161li financie aj pre oby\u010dajn\u00fdch \u013eud\u00ed. Sk\u00faste tomu nejako napom\u00f4c\u0165 a\u00a0protestujte proti r\u00f4znym veciam. Treba vyjs\u0165 na ulicu a\u00a0bojova\u0165 za spravodlivos\u0165.                                                                                                                                                                                                                                                                                                                                                                                        4.5\/5 - (13 votes)        "},{"@context":"https:\/\/schema.org\/","@type":"BreadcrumbList","itemListElement":[{"@type":"ListItem","position":1,"name":"Politika a nechcenos\u0165 \u013eud\u00ed","item":"https:\/\/www.mojko.sk\/politika-a-nechcenost-ludi\/#breadcrumbitem"}]}]